{"id":230742,"date":"2026-09-04T18:04:00","date_gmt":"2026-09-04T21:04:00","guid":{"rendered":"https:\/\/infoeconomico.com.br\/portal\/precos-maiores-sustentam-alta-das-exportacoes-aos-eua-em-agosto\/"},"modified":"2026-09-04T18:04:00","modified_gmt":"2026-09-04T21:04:00","slug":"precos-maiores-sustentam-alta-das-exportacoes-aos-eua-em-agosto","status":"publish","type":"post","link":"https:\/\/infoeconomico.com.br\/portal\/precos-maiores-sustentam-alta-das-exportacoes-aos-eua-em-agosto\/","title":{"rendered":"Pre\u00e7os maiores sustentam alta das exporta\u00e7\u00f5es aos EUA em agosto"},"content":{"rendered":"<p>No m\u00eas em que entraram em vigor as novas tarifas do governo Donald Trump, a alta dos pre\u00e7os&hellip;<\/p>","protected":false},"excerpt":{"rendered":"<p>No m\u00eas em que entraram em vigor as novas tarifas do governo Donald Trump, a alta dos pre\u00e7os&hellip;<\/p>\n","protected":false},"author":1,"featured_media":0,"comment_status":"open","ping_status":"open","sticky":false,"template":"","format":"standard","meta":{"footnotes":""},"categories":[4,2],"tags":[],"class_list":["post-230742","post","type-post","status-publish","format-standard","hentry","category-acontece","category-economia"],"_links":{"self":[{"href":"https:\/\/infoeconomico.com.br\/portal\/wp-json\/wp\/v2\/posts\/230742","targetHints":{"allow":["GET"]}}],"collection":[{"href":"https:\/\/infoeconomico.com.br\/portal\/wp-json\/wp\/v2\/posts"}],"about":[{"href":"https:\/\/infoeconomico.com.br\/portal\/wp-json\/wp\/v2\/types\/post"}],"author":[{"embeddable":true,"href":"https:\/\/infoeconomico.com.br\/portal\/wp-json\/wp\/v2\/users\/1"}],"replies":[{"embeddable":true,"href":"https:\/\/infoeconomico.com.br\/portal\/wp-json\/wp\/v2\/comments?post=230742"}],"version-history":[{"count":0,"href":"https:\/\/infoeconomico.com.br\/portal\/wp-json\/wp\/v2\/posts\/230742\/revisions"}],"wp:attachment":[{"href":"https:\/\/infoeconomico.com.br\/portal\/wp-json\/wp\/v2\/media?parent=230742"}],"wp:term":[{"taxonomy":"category","embeddable":true,"href":"https:\/\/infoeconomico.com.br\/portal\/wp-json\/wp\/v2\/categories?post=230742"},{"taxonomy":"post_tag","embeddable":true,"href":"https:\/\/infoeconomico.com.br\/portal\/wp-json\/wp\/v2\/tags?post=230742"}],"curies":[{"name":"wp","href":"https:\/\/api.w.org\/{rel}","templated":true}]}}