{"id":230732,"date":"2026-09-04T15:35:29","date_gmt":"2026-09-04T18:35:29","guid":{"rendered":"https:\/\/infoeconomico.com.br\/portal\/balanca-comercial-brasileira-tem-superavit-de-us7394-bi-em-agosto-exportacoes-para-os-eua-aumentam\/"},"modified":"2026-09-04T15:35:29","modified_gmt":"2026-09-04T18:35:29","slug":"balanca-comercial-brasileira-tem-superavit-de-us7394-bi-em-agosto-exportacoes-para-os-eua-aumentam","status":"publish","type":"post","link":"https:\/\/infoeconomico.com.br\/portal\/balanca-comercial-brasileira-tem-superavit-de-us7394-bi-em-agosto-exportacoes-para-os-eua-aumentam\/","title":{"rendered":"Balan\u00e7a comercial brasileira tem super\u00e1vit de US$7,394 bi em agosto, exporta\u00e7\u00f5es para os EUA aumentam"},"content":{"rendered":"","protected":false},"excerpt":{"rendered":"","protected":false},"author":1,"featured_media":0,"comment_status":"open","ping_status":"open","sticky":false,"template":"","format":"standard","meta":{"footnotes":""},"categories":[4,2],"tags":[],"class_list":["post-230732","post","type-post","status-publish","format-standard","hentry","category-acontece","category-economia"],"_links":{"self":[{"href":"https:\/\/infoeconomico.com.br\/portal\/wp-json\/wp\/v2\/posts\/230732","targetHints":{"allow":["GET"]}}],"collection":[{"href":"https:\/\/infoeconomico.com.br\/portal\/wp-json\/wp\/v2\/posts"}],"about":[{"href":"https:\/\/infoeconomico.com.br\/portal\/wp-json\/wp\/v2\/types\/post"}],"author":[{"embeddable":true,"href":"https:\/\/infoeconomico.com.br\/portal\/wp-json\/wp\/v2\/users\/1"}],"replies":[{"embeddable":true,"href":"https:\/\/infoeconomico.com.br\/portal\/wp-json\/wp\/v2\/comments?post=230732"}],"version-history":[{"count":0,"href":"https:\/\/infoeconomico.com.br\/portal\/wp-json\/wp\/v2\/posts\/230732\/revisions"}],"wp:attachment":[{"href":"https:\/\/infoeconomico.com.br\/portal\/wp-json\/wp\/v2\/media?parent=230732"}],"wp:term":[{"taxonomy":"category","embeddable":true,"href":"https:\/\/infoeconomico.com.br\/portal\/wp-json\/wp\/v2\/categories?post=230732"},{"taxonomy":"post_tag","embeddable":true,"href":"https:\/\/infoeconomico.com.br\/portal\/wp-json\/wp\/v2\/tags?post=230732"}],"curies":[{"name":"wp","href":"https:\/\/api.w.org\/{rel}","templated":true}]}}