{"id":230722,"date":"2026-09-04T10:56:32","date_gmt":"2026-09-04T13:56:32","guid":{"rendered":"https:\/\/infoeconomico.com.br\/portal\/trump-diz-que-se-fed-nao-reduzir-juros-deixara-de-fazer-negocios-com-alguns-paises\/"},"modified":"2026-09-04T10:56:32","modified_gmt":"2026-09-04T13:56:32","slug":"trump-diz-que-se-fed-nao-reduzir-juros-deixara-de-fazer-negocios-com-alguns-paises","status":"publish","type":"post","link":"https:\/\/infoeconomico.com.br\/portal\/trump-diz-que-se-fed-nao-reduzir-juros-deixara-de-fazer-negocios-com-alguns-paises\/","title":{"rendered":"Trump diz que se Fed n\u00e3o reduzir juros, deixar\u00e1 de fazer neg\u00f3cios com alguns pa\u00edses"},"content":{"rendered":"","protected":false},"excerpt":{"rendered":"","protected":false},"author":1,"featured_media":0,"comment_status":"open","ping_status":"open","sticky":false,"template":"","format":"standard","meta":{"footnotes":""},"categories":[4,2],"tags":[],"class_list":["post-230722","post","type-post","status-publish","format-standard","hentry","category-acontece","category-economia"],"_links":{"self":[{"href":"https:\/\/infoeconomico.com.br\/portal\/wp-json\/wp\/v2\/posts\/230722","targetHints":{"allow":["GET"]}}],"collection":[{"href":"https:\/\/infoeconomico.com.br\/portal\/wp-json\/wp\/v2\/posts"}],"about":[{"href":"https:\/\/infoeconomico.com.br\/portal\/wp-json\/wp\/v2\/types\/post"}],"author":[{"embeddable":true,"href":"https:\/\/infoeconomico.com.br\/portal\/wp-json\/wp\/v2\/users\/1"}],"replies":[{"embeddable":true,"href":"https:\/\/infoeconomico.com.br\/portal\/wp-json\/wp\/v2\/comments?post=230722"}],"version-history":[{"count":0,"href":"https:\/\/infoeconomico.com.br\/portal\/wp-json\/wp\/v2\/posts\/230722\/revisions"}],"wp:attachment":[{"href":"https:\/\/infoeconomico.com.br\/portal\/wp-json\/wp\/v2\/media?parent=230722"}],"wp:term":[{"taxonomy":"category","embeddable":true,"href":"https:\/\/infoeconomico.com.br\/portal\/wp-json\/wp\/v2\/categories?post=230722"},{"taxonomy":"post_tag","embeddable":true,"href":"https:\/\/infoeconomico.com.br\/portal\/wp-json\/wp\/v2\/tags?post=230722"}],"curies":[{"name":"wp","href":"https:\/\/api.w.org\/{rel}","templated":true}]}}