{"id":230712,"date":"2026-09-04T08:56:31","date_gmt":"2026-09-04T11:56:31","guid":{"rendered":"https:\/\/infoeconomico.com.br\/portal\/premie-do-japao-vai-manter-ministra-das-financas-em-reforma-ministerial-dizem-fontes\/"},"modified":"2026-09-04T08:56:31","modified_gmt":"2026-09-04T11:56:31","slug":"premie-do-japao-vai-manter-ministra-das-financas-em-reforma-ministerial-dizem-fontes","status":"publish","type":"post","link":"https:\/\/infoeconomico.com.br\/portal\/premie-do-japao-vai-manter-ministra-das-financas-em-reforma-ministerial-dizem-fontes\/","title":{"rendered":"Premi\u00ea do Jap\u00e3o vai manter ministra das Finan\u00e7as em reforma ministerial, dizem fontes"},"content":{"rendered":"","protected":false},"excerpt":{"rendered":"","protected":false},"author":1,"featured_media":0,"comment_status":"open","ping_status":"open","sticky":false,"template":"","format":"standard","meta":{"footnotes":""},"categories":[4,2],"tags":[],"class_list":["post-230712","post","type-post","status-publish","format-standard","hentry","category-acontece","category-economia"],"_links":{"self":[{"href":"https:\/\/infoeconomico.com.br\/portal\/wp-json\/wp\/v2\/posts\/230712","targetHints":{"allow":["GET"]}}],"collection":[{"href":"https:\/\/infoeconomico.com.br\/portal\/wp-json\/wp\/v2\/posts"}],"about":[{"href":"https:\/\/infoeconomico.com.br\/portal\/wp-json\/wp\/v2\/types\/post"}],"author":[{"embeddable":true,"href":"https:\/\/infoeconomico.com.br\/portal\/wp-json\/wp\/v2\/users\/1"}],"replies":[{"embeddable":true,"href":"https:\/\/infoeconomico.com.br\/portal\/wp-json\/wp\/v2\/comments?post=230712"}],"version-history":[{"count":0,"href":"https:\/\/infoeconomico.com.br\/portal\/wp-json\/wp\/v2\/posts\/230712\/revisions"}],"wp:attachment":[{"href":"https:\/\/infoeconomico.com.br\/portal\/wp-json\/wp\/v2\/media?parent=230712"}],"wp:term":[{"taxonomy":"category","embeddable":true,"href":"https:\/\/infoeconomico.com.br\/portal\/wp-json\/wp\/v2\/categories?post=230712"},{"taxonomy":"post_tag","embeddable":true,"href":"https:\/\/infoeconomico.com.br\/portal\/wp-json\/wp\/v2\/tags?post=230712"}],"curies":[{"name":"wp","href":"https:\/\/api.w.org\/{rel}","templated":true}]}}