{"id":230702,"date":"2026-09-04T05:08:51","date_gmt":"2026-09-04T08:08:51","guid":{"rendered":"https:\/\/infoeconomico.com.br\/portal\/venda-global-de-titulos-pausa-pelo-segundo-dia-com-waller-acendendo-esperancas-de-manutencao-dos-juros\/"},"modified":"2026-09-04T05:08:51","modified_gmt":"2026-09-04T08:08:51","slug":"venda-global-de-titulos-pausa-pelo-segundo-dia-com-waller-acendendo-esperancas-de-manutencao-dos-juros","status":"publish","type":"post","link":"https:\/\/infoeconomico.com.br\/portal\/venda-global-de-titulos-pausa-pelo-segundo-dia-com-waller-acendendo-esperancas-de-manutencao-dos-juros\/","title":{"rendered":"Venda global de t\u00edtulos pausa pelo segundo dia com Waller acendendo esperan\u00e7as de manuten\u00e7\u00e3o dos juros"},"content":{"rendered":"","protected":false},"excerpt":{"rendered":"","protected":false},"author":1,"featured_media":0,"comment_status":"open","ping_status":"open","sticky":false,"template":"","format":"standard","meta":{"footnotes":""},"categories":[4,2],"tags":[],"class_list":["post-230702","post","type-post","status-publish","format-standard","hentry","category-acontece","category-economia"],"_links":{"self":[{"href":"https:\/\/infoeconomico.com.br\/portal\/wp-json\/wp\/v2\/posts\/230702","targetHints":{"allow":["GET"]}}],"collection":[{"href":"https:\/\/infoeconomico.com.br\/portal\/wp-json\/wp\/v2\/posts"}],"about":[{"href":"https:\/\/infoeconomico.com.br\/portal\/wp-json\/wp\/v2\/types\/post"}],"author":[{"embeddable":true,"href":"https:\/\/infoeconomico.com.br\/portal\/wp-json\/wp\/v2\/users\/1"}],"replies":[{"embeddable":true,"href":"https:\/\/infoeconomico.com.br\/portal\/wp-json\/wp\/v2\/comments?post=230702"}],"version-history":[{"count":0,"href":"https:\/\/infoeconomico.com.br\/portal\/wp-json\/wp\/v2\/posts\/230702\/revisions"}],"wp:attachment":[{"href":"https:\/\/infoeconomico.com.br\/portal\/wp-json\/wp\/v2\/media?parent=230702"}],"wp:term":[{"taxonomy":"category","embeddable":true,"href":"https:\/\/infoeconomico.com.br\/portal\/wp-json\/wp\/v2\/categories?post=230702"},{"taxonomy":"post_tag","embeddable":true,"href":"https:\/\/infoeconomico.com.br\/portal\/wp-json\/wp\/v2\/tags?post=230702"}],"curies":[{"name":"wp","href":"https:\/\/api.w.org\/{rel}","templated":true}]}}