{"id":230699,"date":"2026-09-04T05:39:17","date_gmt":"2026-09-04T08:39:17","guid":{"rendered":"https:\/\/infoeconomico.com.br\/portal\/desaceleracao-na-construcao-da-alemanha-ameniza-em-agosto-pmi-sobe-para-487\/"},"modified":"2026-09-04T05:39:17","modified_gmt":"2026-09-04T08:39:17","slug":"desaceleracao-na-construcao-da-alemanha-ameniza-em-agosto-pmi-sobe-para-487","status":"publish","type":"post","link":"https:\/\/infoeconomico.com.br\/portal\/desaceleracao-na-construcao-da-alemanha-ameniza-em-agosto-pmi-sobe-para-487\/","title":{"rendered":"Desacelera\u00e7\u00e3o na constru\u00e7\u00e3o da Alemanha ameniza em agosto, PMI sobe para 48,7"},"content":{"rendered":"","protected":false},"excerpt":{"rendered":"","protected":false},"author":1,"featured_media":0,"comment_status":"open","ping_status":"open","sticky":false,"template":"","format":"standard","meta":{"footnotes":""},"categories":[4,2],"tags":[],"class_list":["post-230699","post","type-post","status-publish","format-standard","hentry","category-acontece","category-economia"],"_links":{"self":[{"href":"https:\/\/infoeconomico.com.br\/portal\/wp-json\/wp\/v2\/posts\/230699","targetHints":{"allow":["GET"]}}],"collection":[{"href":"https:\/\/infoeconomico.com.br\/portal\/wp-json\/wp\/v2\/posts"}],"about":[{"href":"https:\/\/infoeconomico.com.br\/portal\/wp-json\/wp\/v2\/types\/post"}],"author":[{"embeddable":true,"href":"https:\/\/infoeconomico.com.br\/portal\/wp-json\/wp\/v2\/users\/1"}],"replies":[{"embeddable":true,"href":"https:\/\/infoeconomico.com.br\/portal\/wp-json\/wp\/v2\/comments?post=230699"}],"version-history":[{"count":0,"href":"https:\/\/infoeconomico.com.br\/portal\/wp-json\/wp\/v2\/posts\/230699\/revisions"}],"wp:attachment":[{"href":"https:\/\/infoeconomico.com.br\/portal\/wp-json\/wp\/v2\/media?parent=230699"}],"wp:term":[{"taxonomy":"category","embeddable":true,"href":"https:\/\/infoeconomico.com.br\/portal\/wp-json\/wp\/v2\/categories?post=230699"},{"taxonomy":"post_tag","embeddable":true,"href":"https:\/\/infoeconomico.com.br\/portal\/wp-json\/wp\/v2\/tags?post=230699"}],"curies":[{"name":"wp","href":"https:\/\/api.w.org\/{rel}","templated":true}]}}