{"id":230690,"date":"2026-09-03T18:21:00","date_gmt":"2026-09-03T21:21:00","guid":{"rendered":"https:\/\/infoeconomico.com.br\/portal\/bc-proibe-publicidade-em-comprovantes-do-pix-a-partir-de-marco-de-2027\/"},"modified":"2026-09-03T18:21:00","modified_gmt":"2026-09-03T21:21:00","slug":"bc-proibe-publicidade-em-comprovantes-do-pix-a-partir-de-marco-de-2027","status":"publish","type":"post","link":"https:\/\/infoeconomico.com.br\/portal\/bc-proibe-publicidade-em-comprovantes-do-pix-a-partir-de-marco-de-2027\/","title":{"rendered":"BC pro\u00edbe publicidade em comprovantes do Pix a partir de mar\u00e7o de 2027"},"content":{"rendered":"<p>Os comprovantes de pagamento do Pix n\u00e3o poder\u00e3o incluir publicidade, ofertas comerciais, links externos nem qualquer conte\u00fado n\u00e3o&hellip;<\/p>","protected":false},"excerpt":{"rendered":"<p>Os comprovantes de pagamento do Pix n\u00e3o poder\u00e3o incluir publicidade, ofertas comerciais, links externos nem qualquer conte\u00fado n\u00e3o&hellip;<\/p>\n","protected":false},"author":1,"featured_media":0,"comment_status":"open","ping_status":"open","sticky":false,"template":"","format":"standard","meta":{"footnotes":""},"categories":[4,2],"tags":[],"class_list":["post-230690","post","type-post","status-publish","format-standard","hentry","category-acontece","category-economia"],"_links":{"self":[{"href":"https:\/\/infoeconomico.com.br\/portal\/wp-json\/wp\/v2\/posts\/230690","targetHints":{"allow":["GET"]}}],"collection":[{"href":"https:\/\/infoeconomico.com.br\/portal\/wp-json\/wp\/v2\/posts"}],"about":[{"href":"https:\/\/infoeconomico.com.br\/portal\/wp-json\/wp\/v2\/types\/post"}],"author":[{"embeddable":true,"href":"https:\/\/infoeconomico.com.br\/portal\/wp-json\/wp\/v2\/users\/1"}],"replies":[{"embeddable":true,"href":"https:\/\/infoeconomico.com.br\/portal\/wp-json\/wp\/v2\/comments?post=230690"}],"version-history":[{"count":0,"href":"https:\/\/infoeconomico.com.br\/portal\/wp-json\/wp\/v2\/posts\/230690\/revisions"}],"wp:attachment":[{"href":"https:\/\/infoeconomico.com.br\/portal\/wp-json\/wp\/v2\/media?parent=230690"}],"wp:term":[{"taxonomy":"category","embeddable":true,"href":"https:\/\/infoeconomico.com.br\/portal\/wp-json\/wp\/v2\/categories?post=230690"},{"taxonomy":"post_tag","embeddable":true,"href":"https:\/\/infoeconomico.com.br\/portal\/wp-json\/wp\/v2\/tags?post=230690"}],"curies":[{"name":"wp","href":"https:\/\/api.w.org\/{rel}","templated":true}]}}