{"id":230683,"date":"2026-09-03T17:35:36","date_gmt":"2026-09-03T20:35:36","guid":{"rendered":"https:\/\/infoeconomico.com.br\/portal\/cafe-arabica-atinge-nova-minima-em-5-semanas-acucar-recua-apos-maxima-em-16-meses\/"},"modified":"2026-09-03T17:35:36","modified_gmt":"2026-09-03T20:35:36","slug":"cafe-arabica-atinge-nova-minima-em-5-semanas-acucar-recua-apos-maxima-em-16-meses","status":"publish","type":"post","link":"https:\/\/infoeconomico.com.br\/portal\/cafe-arabica-atinge-nova-minima-em-5-semanas-acucar-recua-apos-maxima-em-16-meses\/","title":{"rendered":"Caf\u00e9 ar\u00e1bica atinge nova m\u00ednima em 5 semanas;  a\u00e7\u00facar recua ap\u00f3s m\u00e1xima em 16 meses"},"content":{"rendered":"","protected":false},"excerpt":{"rendered":"","protected":false},"author":1,"featured_media":0,"comment_status":"open","ping_status":"open","sticky":false,"template":"","format":"standard","meta":{"footnotes":""},"categories":[4,2],"tags":[],"class_list":["post-230683","post","type-post","status-publish","format-standard","hentry","category-acontece","category-economia"],"_links":{"self":[{"href":"https:\/\/infoeconomico.com.br\/portal\/wp-json\/wp\/v2\/posts\/230683","targetHints":{"allow":["GET"]}}],"collection":[{"href":"https:\/\/infoeconomico.com.br\/portal\/wp-json\/wp\/v2\/posts"}],"about":[{"href":"https:\/\/infoeconomico.com.br\/portal\/wp-json\/wp\/v2\/types\/post"}],"author":[{"embeddable":true,"href":"https:\/\/infoeconomico.com.br\/portal\/wp-json\/wp\/v2\/users\/1"}],"replies":[{"embeddable":true,"href":"https:\/\/infoeconomico.com.br\/portal\/wp-json\/wp\/v2\/comments?post=230683"}],"version-history":[{"count":0,"href":"https:\/\/infoeconomico.com.br\/portal\/wp-json\/wp\/v2\/posts\/230683\/revisions"}],"wp:attachment":[{"href":"https:\/\/infoeconomico.com.br\/portal\/wp-json\/wp\/v2\/media?parent=230683"}],"wp:term":[{"taxonomy":"category","embeddable":true,"href":"https:\/\/infoeconomico.com.br\/portal\/wp-json\/wp\/v2\/categories?post=230683"},{"taxonomy":"post_tag","embeddable":true,"href":"https:\/\/infoeconomico.com.br\/portal\/wp-json\/wp\/v2\/tags?post=230683"}],"curies":[{"name":"wp","href":"https:\/\/api.w.org\/{rel}","templated":true}]}}