{"id":230682,"date":"2026-09-03T17:49:24","date_gmt":"2026-09-03T20:49:24","guid":{"rendered":"https:\/\/infoeconomico.com.br\/portal\/wall-street-encerra-dia-com-forte-alta-conforme-declaracoes-de-waller-amenizam-temor-de-elevacao-dos-juros\/"},"modified":"2026-09-03T17:49:24","modified_gmt":"2026-09-03T20:49:24","slug":"wall-street-encerra-dia-com-forte-alta-conforme-declaracoes-de-waller-amenizam-temor-de-elevacao-dos-juros","status":"publish","type":"post","link":"https:\/\/infoeconomico.com.br\/portal\/wall-street-encerra-dia-com-forte-alta-conforme-declaracoes-de-waller-amenizam-temor-de-elevacao-dos-juros\/","title":{"rendered":"Wall Street encerra dia com forte alta, conforme declara\u00e7\u00f5es de Waller amenizam temor de eleva\u00e7\u00e3o dos juros"},"content":{"rendered":"","protected":false},"excerpt":{"rendered":"","protected":false},"author":1,"featured_media":0,"comment_status":"open","ping_status":"open","sticky":false,"template":"","format":"standard","meta":{"footnotes":""},"categories":[4,2],"tags":[],"class_list":["post-230682","post","type-post","status-publish","format-standard","hentry","category-acontece","category-economia"],"_links":{"self":[{"href":"https:\/\/infoeconomico.com.br\/portal\/wp-json\/wp\/v2\/posts\/230682","targetHints":{"allow":["GET"]}}],"collection":[{"href":"https:\/\/infoeconomico.com.br\/portal\/wp-json\/wp\/v2\/posts"}],"about":[{"href":"https:\/\/infoeconomico.com.br\/portal\/wp-json\/wp\/v2\/types\/post"}],"author":[{"embeddable":true,"href":"https:\/\/infoeconomico.com.br\/portal\/wp-json\/wp\/v2\/users\/1"}],"replies":[{"embeddable":true,"href":"https:\/\/infoeconomico.com.br\/portal\/wp-json\/wp\/v2\/comments?post=230682"}],"version-history":[{"count":0,"href":"https:\/\/infoeconomico.com.br\/portal\/wp-json\/wp\/v2\/posts\/230682\/revisions"}],"wp:attachment":[{"href":"https:\/\/infoeconomico.com.br\/portal\/wp-json\/wp\/v2\/media?parent=230682"}],"wp:term":[{"taxonomy":"category","embeddable":true,"href":"https:\/\/infoeconomico.com.br\/portal\/wp-json\/wp\/v2\/categories?post=230682"},{"taxonomy":"post_tag","embeddable":true,"href":"https:\/\/infoeconomico.com.br\/portal\/wp-json\/wp\/v2\/tags?post=230682"}],"curies":[{"name":"wp","href":"https:\/\/api.w.org\/{rel}","templated":true}]}}