{"id":230669,"date":"2026-09-02T18:21:56","date_gmt":"2026-09-02T21:21:56","guid":{"rendered":"https:\/\/infoeconomico.com.br\/portal\/petroleo-fecha-com-alta-de-1-enquanto-ataques-entre-eua-e-ira-ameacam-abastecimento\/"},"modified":"2026-09-02T18:21:56","modified_gmt":"2026-09-02T21:21:56","slug":"petroleo-fecha-com-alta-de-1-enquanto-ataques-entre-eua-e-ira-ameacam-abastecimento","status":"publish","type":"post","link":"https:\/\/infoeconomico.com.br\/portal\/petroleo-fecha-com-alta-de-1-enquanto-ataques-entre-eua-e-ira-ameacam-abastecimento\/","title":{"rendered":"Petr\u00f3leo fecha com alta de 1%, enquanto ataques entre EUA e Ir\u00e3 amea\u00e7am abastecimento"},"content":{"rendered":"","protected":false},"excerpt":{"rendered":"","protected":false},"author":1,"featured_media":0,"comment_status":"open","ping_status":"open","sticky":false,"template":"","format":"standard","meta":{"footnotes":""},"categories":[4,2],"tags":[],"class_list":["post-230669","post","type-post","status-publish","format-standard","hentry","category-acontece","category-economia"],"_links":{"self":[{"href":"https:\/\/infoeconomico.com.br\/portal\/wp-json\/wp\/v2\/posts\/230669","targetHints":{"allow":["GET"]}}],"collection":[{"href":"https:\/\/infoeconomico.com.br\/portal\/wp-json\/wp\/v2\/posts"}],"about":[{"href":"https:\/\/infoeconomico.com.br\/portal\/wp-json\/wp\/v2\/types\/post"}],"author":[{"embeddable":true,"href":"https:\/\/infoeconomico.com.br\/portal\/wp-json\/wp\/v2\/users\/1"}],"replies":[{"embeddable":true,"href":"https:\/\/infoeconomico.com.br\/portal\/wp-json\/wp\/v2\/comments?post=230669"}],"version-history":[{"count":0,"href":"https:\/\/infoeconomico.com.br\/portal\/wp-json\/wp\/v2\/posts\/230669\/revisions"}],"wp:attachment":[{"href":"https:\/\/infoeconomico.com.br\/portal\/wp-json\/wp\/v2\/media?parent=230669"}],"wp:term":[{"taxonomy":"category","embeddable":true,"href":"https:\/\/infoeconomico.com.br\/portal\/wp-json\/wp\/v2\/categories?post=230669"},{"taxonomy":"post_tag","embeddable":true,"href":"https:\/\/infoeconomico.com.br\/portal\/wp-json\/wp\/v2\/tags?post=230669"}],"curies":[{"name":"wp","href":"https:\/\/api.w.org\/{rel}","templated":true}]}}