{"id":230659,"date":"2026-09-02T14:10:30","date_gmt":"2026-09-02T17:10:30","guid":{"rendered":"https:\/\/infoeconomico.com.br\/portal\/fiscal-do-fed-pede-controles-mais-rigidos-sobre-compartilhamento-de-informacoes\/"},"modified":"2026-09-02T14:10:30","modified_gmt":"2026-09-02T17:10:30","slug":"fiscal-do-fed-pede-controles-mais-rigidos-sobre-compartilhamento-de-informacoes","status":"publish","type":"post","link":"https:\/\/infoeconomico.com.br\/portal\/fiscal-do-fed-pede-controles-mais-rigidos-sobre-compartilhamento-de-informacoes\/","title":{"rendered":"Fiscal do Fed pede controles mais r\u00edgidos sobre compartilhamento de informa\u00e7\u00f5es"},"content":{"rendered":"","protected":false},"excerpt":{"rendered":"","protected":false},"author":1,"featured_media":0,"comment_status":"open","ping_status":"open","sticky":false,"template":"","format":"standard","meta":{"footnotes":""},"categories":[4,2],"tags":[],"class_list":["post-230659","post","type-post","status-publish","format-standard","hentry","category-acontece","category-economia"],"_links":{"self":[{"href":"https:\/\/infoeconomico.com.br\/portal\/wp-json\/wp\/v2\/posts\/230659","targetHints":{"allow":["GET"]}}],"collection":[{"href":"https:\/\/infoeconomico.com.br\/portal\/wp-json\/wp\/v2\/posts"}],"about":[{"href":"https:\/\/infoeconomico.com.br\/portal\/wp-json\/wp\/v2\/types\/post"}],"author":[{"embeddable":true,"href":"https:\/\/infoeconomico.com.br\/portal\/wp-json\/wp\/v2\/users\/1"}],"replies":[{"embeddable":true,"href":"https:\/\/infoeconomico.com.br\/portal\/wp-json\/wp\/v2\/comments?post=230659"}],"version-history":[{"count":0,"href":"https:\/\/infoeconomico.com.br\/portal\/wp-json\/wp\/v2\/posts\/230659\/revisions"}],"wp:attachment":[{"href":"https:\/\/infoeconomico.com.br\/portal\/wp-json\/wp\/v2\/media?parent=230659"}],"wp:term":[{"taxonomy":"category","embeddable":true,"href":"https:\/\/infoeconomico.com.br\/portal\/wp-json\/wp\/v2\/categories?post=230659"},{"taxonomy":"post_tag","embeddable":true,"href":"https:\/\/infoeconomico.com.br\/portal\/wp-json\/wp\/v2\/tags?post=230659"}],"curies":[{"name":"wp","href":"https:\/\/api.w.org\/{rel}","templated":true}]}}