{"id":230654,"date":"2026-09-02T13:31:23","date_gmt":"2026-09-02T16:31:23","guid":{"rendered":"https:\/\/infoeconomico.com.br\/portal\/alemanha-e-franca-comprometem-e-300-milhoes-para-servicos-na-africa-do-sul\/"},"modified":"2026-09-02T13:31:23","modified_gmt":"2026-09-02T16:31:23","slug":"alemanha-e-franca-comprometem-e-300-milhoes-para-servicos-na-africa-do-sul","status":"publish","type":"post","link":"https:\/\/infoeconomico.com.br\/portal\/alemanha-e-franca-comprometem-e-300-milhoes-para-servicos-na-africa-do-sul\/","title":{"rendered":"Alemanha e Fran\u00e7a comprometem \u20ac 300 milh\u00f5es para servi\u00e7os na \u00c1frica do Sul"},"content":{"rendered":"","protected":false},"excerpt":{"rendered":"","protected":false},"author":1,"featured_media":0,"comment_status":"open","ping_status":"open","sticky":false,"template":"","format":"standard","meta":{"footnotes":""},"categories":[4,2],"tags":[],"class_list":["post-230654","post","type-post","status-publish","format-standard","hentry","category-acontece","category-economia"],"_links":{"self":[{"href":"https:\/\/infoeconomico.com.br\/portal\/wp-json\/wp\/v2\/posts\/230654","targetHints":{"allow":["GET"]}}],"collection":[{"href":"https:\/\/infoeconomico.com.br\/portal\/wp-json\/wp\/v2\/posts"}],"about":[{"href":"https:\/\/infoeconomico.com.br\/portal\/wp-json\/wp\/v2\/types\/post"}],"author":[{"embeddable":true,"href":"https:\/\/infoeconomico.com.br\/portal\/wp-json\/wp\/v2\/users\/1"}],"replies":[{"embeddable":true,"href":"https:\/\/infoeconomico.com.br\/portal\/wp-json\/wp\/v2\/comments?post=230654"}],"version-history":[{"count":0,"href":"https:\/\/infoeconomico.com.br\/portal\/wp-json\/wp\/v2\/posts\/230654\/revisions"}],"wp:attachment":[{"href":"https:\/\/infoeconomico.com.br\/portal\/wp-json\/wp\/v2\/media?parent=230654"}],"wp:term":[{"taxonomy":"category","embeddable":true,"href":"https:\/\/infoeconomico.com.br\/portal\/wp-json\/wp\/v2\/categories?post=230654"},{"taxonomy":"post_tag","embeddable":true,"href":"https:\/\/infoeconomico.com.br\/portal\/wp-json\/wp\/v2\/tags?post=230654"}],"curies":[{"name":"wp","href":"https:\/\/api.w.org\/{rel}","templated":true}]}}