{"id":230645,"date":"2026-09-02T09:49:26","date_gmt":"2026-09-02T12:49:26","guid":{"rendered":"https:\/\/infoeconomico.com.br\/portal\/china-lamenta-que-reuniao-do-g20-nao-tenha-emitido-comunicado-diz-ministerio-das-relacoes-exteriores\/"},"modified":"2026-09-02T09:49:26","modified_gmt":"2026-09-02T12:49:26","slug":"china-lamenta-que-reuniao-do-g20-nao-tenha-emitido-comunicado-diz-ministerio-das-relacoes-exteriores","status":"publish","type":"post","link":"https:\/\/infoeconomico.com.br\/portal\/china-lamenta-que-reuniao-do-g20-nao-tenha-emitido-comunicado-diz-ministerio-das-relacoes-exteriores\/","title":{"rendered":"China lamenta que reuni\u00e3o do G20 n\u00e3o tenha emitido comunicado, diz Minist\u00e9rio das Rela\u00e7\u00f5es Exteriores"},"content":{"rendered":"","protected":false},"excerpt":{"rendered":"","protected":false},"author":1,"featured_media":0,"comment_status":"open","ping_status":"open","sticky":false,"template":"","format":"standard","meta":{"footnotes":""},"categories":[4,2],"tags":[],"class_list":["post-230645","post","type-post","status-publish","format-standard","hentry","category-acontece","category-economia"],"_links":{"self":[{"href":"https:\/\/infoeconomico.com.br\/portal\/wp-json\/wp\/v2\/posts\/230645","targetHints":{"allow":["GET"]}}],"collection":[{"href":"https:\/\/infoeconomico.com.br\/portal\/wp-json\/wp\/v2\/posts"}],"about":[{"href":"https:\/\/infoeconomico.com.br\/portal\/wp-json\/wp\/v2\/types\/post"}],"author":[{"embeddable":true,"href":"https:\/\/infoeconomico.com.br\/portal\/wp-json\/wp\/v2\/users\/1"}],"replies":[{"embeddable":true,"href":"https:\/\/infoeconomico.com.br\/portal\/wp-json\/wp\/v2\/comments?post=230645"}],"version-history":[{"count":0,"href":"https:\/\/infoeconomico.com.br\/portal\/wp-json\/wp\/v2\/posts\/230645\/revisions"}],"wp:attachment":[{"href":"https:\/\/infoeconomico.com.br\/portal\/wp-json\/wp\/v2\/media?parent=230645"}],"wp:term":[{"taxonomy":"category","embeddable":true,"href":"https:\/\/infoeconomico.com.br\/portal\/wp-json\/wp\/v2\/categories?post=230645"},{"taxonomy":"post_tag","embeddable":true,"href":"https:\/\/infoeconomico.com.br\/portal\/wp-json\/wp\/v2\/tags?post=230645"}],"curies":[{"name":"wp","href":"https:\/\/api.w.org\/{rel}","templated":true}]}}