{"id":230617,"date":"2026-09-01T18:28:26","date_gmt":"2026-09-01T21:28:26","guid":{"rendered":"https:\/\/infoeconomico.com.br\/portal\/wall-st-fecha-em-baixa-com-alta-dos-rendimentos-e-do-petroleo-marcando-inicio-instavel-para-setembro\/"},"modified":"2026-09-01T18:28:26","modified_gmt":"2026-09-01T21:28:26","slug":"wall-st-fecha-em-baixa-com-alta-dos-rendimentos-e-do-petroleo-marcando-inicio-instavel-para-setembro","status":"publish","type":"post","link":"https:\/\/infoeconomico.com.br\/portal\/wall-st-fecha-em-baixa-com-alta-dos-rendimentos-e-do-petroleo-marcando-inicio-instavel-para-setembro\/","title":{"rendered":"Wall St fecha em baixa, com alta dos rendimentos e do petr\u00f3leo marcando in\u00edcio inst\u00e1vel para setembro"},"content":{"rendered":"","protected":false},"excerpt":{"rendered":"","protected":false},"author":1,"featured_media":0,"comment_status":"open","ping_status":"open","sticky":false,"template":"","format":"standard","meta":{"footnotes":""},"categories":[4,2],"tags":[],"class_list":["post-230617","post","type-post","status-publish","format-standard","hentry","category-acontece","category-economia"],"_links":{"self":[{"href":"https:\/\/infoeconomico.com.br\/portal\/wp-json\/wp\/v2\/posts\/230617","targetHints":{"allow":["GET"]}}],"collection":[{"href":"https:\/\/infoeconomico.com.br\/portal\/wp-json\/wp\/v2\/posts"}],"about":[{"href":"https:\/\/infoeconomico.com.br\/portal\/wp-json\/wp\/v2\/types\/post"}],"author":[{"embeddable":true,"href":"https:\/\/infoeconomico.com.br\/portal\/wp-json\/wp\/v2\/users\/1"}],"replies":[{"embeddable":true,"href":"https:\/\/infoeconomico.com.br\/portal\/wp-json\/wp\/v2\/comments?post=230617"}],"version-history":[{"count":0,"href":"https:\/\/infoeconomico.com.br\/portal\/wp-json\/wp\/v2\/posts\/230617\/revisions"}],"wp:attachment":[{"href":"https:\/\/infoeconomico.com.br\/portal\/wp-json\/wp\/v2\/media?parent=230617"}],"wp:term":[{"taxonomy":"category","embeddable":true,"href":"https:\/\/infoeconomico.com.br\/portal\/wp-json\/wp\/v2\/categories?post=230617"},{"taxonomy":"post_tag","embeddable":true,"href":"https:\/\/infoeconomico.com.br\/portal\/wp-json\/wp\/v2\/tags?post=230617"}],"curies":[{"name":"wp","href":"https:\/\/api.w.org\/{rel}","templated":true}]}}