{"id":230591,"date":"2026-09-01T11:34:18","date_gmt":"2026-09-01T14:34:18","guid":{"rendered":"https:\/\/infoeconomico.com.br\/portal\/pib-do-brasil-supera-projecoes-fraqueza-do-consumo-reforca-corte-gradual-da-selic\/"},"modified":"2026-09-01T11:34:18","modified_gmt":"2026-09-01T14:34:18","slug":"pib-do-brasil-supera-projecoes-fraqueza-do-consumo-reforca-corte-gradual-da-selic","status":"publish","type":"post","link":"https:\/\/infoeconomico.com.br\/portal\/pib-do-brasil-supera-projecoes-fraqueza-do-consumo-reforca-corte-gradual-da-selic\/","title":{"rendered":"PIB do Brasil supera proje\u00e7\u00f5es; fraqueza do consumo refor\u00e7a corte gradual da Selic"},"content":{"rendered":"","protected":false},"excerpt":{"rendered":"","protected":false},"author":1,"featured_media":0,"comment_status":"open","ping_status":"open","sticky":false,"template":"","format":"standard","meta":{"footnotes":""},"categories":[4,2],"tags":[],"class_list":["post-230591","post","type-post","status-publish","format-standard","hentry","category-acontece","category-economia"],"_links":{"self":[{"href":"https:\/\/infoeconomico.com.br\/portal\/wp-json\/wp\/v2\/posts\/230591","targetHints":{"allow":["GET"]}}],"collection":[{"href":"https:\/\/infoeconomico.com.br\/portal\/wp-json\/wp\/v2\/posts"}],"about":[{"href":"https:\/\/infoeconomico.com.br\/portal\/wp-json\/wp\/v2\/types\/post"}],"author":[{"embeddable":true,"href":"https:\/\/infoeconomico.com.br\/portal\/wp-json\/wp\/v2\/users\/1"}],"replies":[{"embeddable":true,"href":"https:\/\/infoeconomico.com.br\/portal\/wp-json\/wp\/v2\/comments?post=230591"}],"version-history":[{"count":0,"href":"https:\/\/infoeconomico.com.br\/portal\/wp-json\/wp\/v2\/posts\/230591\/revisions"}],"wp:attachment":[{"href":"https:\/\/infoeconomico.com.br\/portal\/wp-json\/wp\/v2\/media?parent=230591"}],"wp:term":[{"taxonomy":"category","embeddable":true,"href":"https:\/\/infoeconomico.com.br\/portal\/wp-json\/wp\/v2\/categories?post=230591"},{"taxonomy":"post_tag","embeddable":true,"href":"https:\/\/infoeconomico.com.br\/portal\/wp-json\/wp\/v2\/tags?post=230591"}],"curies":[{"name":"wp","href":"https:\/\/api.w.org\/{rel}","templated":true}]}}