{"id":230587,"date":"2026-09-01T12:00:47","date_gmt":"2026-09-01T15:00:47","guid":{"rendered":"https:\/\/infoeconomico.com.br\/portal\/apesar-de-crescimento-acima-do-esperado-dados-do-pib-impoem-vies-de-baixa-a-projecoes-para-a-atividade\/"},"modified":"2026-09-01T12:00:47","modified_gmt":"2026-09-01T15:00:47","slug":"apesar-de-crescimento-acima-do-esperado-dados-do-pib-impoem-vies-de-baixa-a-projecoes-para-a-atividade","status":"publish","type":"post","link":"https:\/\/infoeconomico.com.br\/portal\/apesar-de-crescimento-acima-do-esperado-dados-do-pib-impoem-vies-de-baixa-a-projecoes-para-a-atividade\/","title":{"rendered":"Apesar de crescimento acima do esperado, dados do PIB imp\u00f5em vi\u00e9s de baixa a proje\u00e7\u00f5es para a atividade"},"content":{"rendered":"","protected":false},"excerpt":{"rendered":"","protected":false},"author":1,"featured_media":0,"comment_status":"open","ping_status":"open","sticky":false,"template":"","format":"standard","meta":{"footnotes":""},"categories":[4,2],"tags":[],"class_list":["post-230587","post","type-post","status-publish","format-standard","hentry","category-acontece","category-economia"],"_links":{"self":[{"href":"https:\/\/infoeconomico.com.br\/portal\/wp-json\/wp\/v2\/posts\/230587","targetHints":{"allow":["GET"]}}],"collection":[{"href":"https:\/\/infoeconomico.com.br\/portal\/wp-json\/wp\/v2\/posts"}],"about":[{"href":"https:\/\/infoeconomico.com.br\/portal\/wp-json\/wp\/v2\/types\/post"}],"author":[{"embeddable":true,"href":"https:\/\/infoeconomico.com.br\/portal\/wp-json\/wp\/v2\/users\/1"}],"replies":[{"embeddable":true,"href":"https:\/\/infoeconomico.com.br\/portal\/wp-json\/wp\/v2\/comments?post=230587"}],"version-history":[{"count":0,"href":"https:\/\/infoeconomico.com.br\/portal\/wp-json\/wp\/v2\/posts\/230587\/revisions"}],"wp:attachment":[{"href":"https:\/\/infoeconomico.com.br\/portal\/wp-json\/wp\/v2\/media?parent=230587"}],"wp:term":[{"taxonomy":"category","embeddable":true,"href":"https:\/\/infoeconomico.com.br\/portal\/wp-json\/wp\/v2\/categories?post=230587"},{"taxonomy":"post_tag","embeddable":true,"href":"https:\/\/infoeconomico.com.br\/portal\/wp-json\/wp\/v2\/tags?post=230587"}],"curies":[{"name":"wp","href":"https:\/\/api.w.org\/{rel}","templated":true}]}}