{"id":230586,"date":"2026-09-01T12:00:51","date_gmt":"2026-09-01T15:00:51","guid":{"rendered":"https:\/\/infoeconomico.com.br\/portal\/ministro-das-financas-do-canada-se-reune-com-bessent-nesta-terca-feira\/"},"modified":"2026-09-01T12:00:51","modified_gmt":"2026-09-01T15:00:51","slug":"ministro-das-financas-do-canada-se-reune-com-bessent-nesta-terca-feira","status":"publish","type":"post","link":"https:\/\/infoeconomico.com.br\/portal\/ministro-das-financas-do-canada-se-reune-com-bessent-nesta-terca-feira\/","title":{"rendered":"Ministro das Finan\u00e7as do Canad\u00e1 se re\u00fane com Bessent nesta ter\u00e7a-feira"},"content":{"rendered":"","protected":false},"excerpt":{"rendered":"","protected":false},"author":1,"featured_media":0,"comment_status":"open","ping_status":"open","sticky":false,"template":"","format":"standard","meta":{"footnotes":""},"categories":[4,2],"tags":[],"class_list":["post-230586","post","type-post","status-publish","format-standard","hentry","category-acontece","category-economia"],"_links":{"self":[{"href":"https:\/\/infoeconomico.com.br\/portal\/wp-json\/wp\/v2\/posts\/230586","targetHints":{"allow":["GET"]}}],"collection":[{"href":"https:\/\/infoeconomico.com.br\/portal\/wp-json\/wp\/v2\/posts"}],"about":[{"href":"https:\/\/infoeconomico.com.br\/portal\/wp-json\/wp\/v2\/types\/post"}],"author":[{"embeddable":true,"href":"https:\/\/infoeconomico.com.br\/portal\/wp-json\/wp\/v2\/users\/1"}],"replies":[{"embeddable":true,"href":"https:\/\/infoeconomico.com.br\/portal\/wp-json\/wp\/v2\/comments?post=230586"}],"version-history":[{"count":0,"href":"https:\/\/infoeconomico.com.br\/portal\/wp-json\/wp\/v2\/posts\/230586\/revisions"}],"wp:attachment":[{"href":"https:\/\/infoeconomico.com.br\/portal\/wp-json\/wp\/v2\/media?parent=230586"}],"wp:term":[{"taxonomy":"category","embeddable":true,"href":"https:\/\/infoeconomico.com.br\/portal\/wp-json\/wp\/v2\/categories?post=230586"},{"taxonomy":"post_tag","embeddable":true,"href":"https:\/\/infoeconomico.com.br\/portal\/wp-json\/wp\/v2\/tags?post=230586"}],"curies":[{"name":"wp","href":"https:\/\/api.w.org\/{rel}","templated":true}]}}