{"id":230582,"date":"2026-09-01T11:07:29","date_gmt":"2026-09-01T14:07:29","guid":{"rendered":"https:\/\/infoeconomico.com.br\/portal\/fazenda-mantem-visao-de-alta-de-23-no-pib-de-2026-apos-desaceleracao-no-segundo-trimestre\/"},"modified":"2026-09-01T11:07:29","modified_gmt":"2026-09-01T14:07:29","slug":"fazenda-mantem-visao-de-alta-de-23-no-pib-de-2026-apos-desaceleracao-no-segundo-trimestre","status":"publish","type":"post","link":"https:\/\/infoeconomico.com.br\/portal\/fazenda-mantem-visao-de-alta-de-23-no-pib-de-2026-apos-desaceleracao-no-segundo-trimestre\/","title":{"rendered":"Fazenda mant\u00e9m vis\u00e3o de alta de 2,3% no PIB de 2026 ap\u00f3s desacelera\u00e7\u00e3o no segundo trimestre"},"content":{"rendered":"","protected":false},"excerpt":{"rendered":"","protected":false},"author":1,"featured_media":0,"comment_status":"open","ping_status":"open","sticky":false,"template":"","format":"standard","meta":{"footnotes":""},"categories":[4,2],"tags":[],"class_list":["post-230582","post","type-post","status-publish","format-standard","hentry","category-acontece","category-economia"],"_links":{"self":[{"href":"https:\/\/infoeconomico.com.br\/portal\/wp-json\/wp\/v2\/posts\/230582","targetHints":{"allow":["GET"]}}],"collection":[{"href":"https:\/\/infoeconomico.com.br\/portal\/wp-json\/wp\/v2\/posts"}],"about":[{"href":"https:\/\/infoeconomico.com.br\/portal\/wp-json\/wp\/v2\/types\/post"}],"author":[{"embeddable":true,"href":"https:\/\/infoeconomico.com.br\/portal\/wp-json\/wp\/v2\/users\/1"}],"replies":[{"embeddable":true,"href":"https:\/\/infoeconomico.com.br\/portal\/wp-json\/wp\/v2\/comments?post=230582"}],"version-history":[{"count":0,"href":"https:\/\/infoeconomico.com.br\/portal\/wp-json\/wp\/v2\/posts\/230582\/revisions"}],"wp:attachment":[{"href":"https:\/\/infoeconomico.com.br\/portal\/wp-json\/wp\/v2\/media?parent=230582"}],"wp:term":[{"taxonomy":"category","embeddable":true,"href":"https:\/\/infoeconomico.com.br\/portal\/wp-json\/wp\/v2\/categories?post=230582"},{"taxonomy":"post_tag","embeddable":true,"href":"https:\/\/infoeconomico.com.br\/portal\/wp-json\/wp\/v2\/tags?post=230582"}],"curies":[{"name":"wp","href":"https:\/\/api.w.org\/{rel}","templated":true}]}}