{"id":230574,"date":"2026-09-01T08:14:27","date_gmt":"2026-09-01T11:14:27","guid":{"rendered":"https:\/\/infoeconomico.com.br\/portal\/kocher-diz-que-se-risco-de-alta-da-inflacao-se-confirmar-bce-precisara-elevar-juros-em-breve\/"},"modified":"2026-09-01T08:14:27","modified_gmt":"2026-09-01T11:14:27","slug":"kocher-diz-que-se-risco-de-alta-da-inflacao-se-confirmar-bce-precisara-elevar-juros-em-breve","status":"publish","type":"post","link":"https:\/\/infoeconomico.com.br\/portal\/kocher-diz-que-se-risco-de-alta-da-inflacao-se-confirmar-bce-precisara-elevar-juros-em-breve\/","title":{"rendered":"Kocher diz que se risco de alta da infla\u00e7\u00e3o se confirmar, BCE precisar\u00e1 elevar juros em breve"},"content":{"rendered":"","protected":false},"excerpt":{"rendered":"","protected":false},"author":1,"featured_media":0,"comment_status":"open","ping_status":"open","sticky":false,"template":"","format":"standard","meta":{"footnotes":""},"categories":[4,2],"tags":[],"class_list":["post-230574","post","type-post","status-publish","format-standard","hentry","category-acontece","category-economia"],"_links":{"self":[{"href":"https:\/\/infoeconomico.com.br\/portal\/wp-json\/wp\/v2\/posts\/230574","targetHints":{"allow":["GET"]}}],"collection":[{"href":"https:\/\/infoeconomico.com.br\/portal\/wp-json\/wp\/v2\/posts"}],"about":[{"href":"https:\/\/infoeconomico.com.br\/portal\/wp-json\/wp\/v2\/types\/post"}],"author":[{"embeddable":true,"href":"https:\/\/infoeconomico.com.br\/portal\/wp-json\/wp\/v2\/users\/1"}],"replies":[{"embeddable":true,"href":"https:\/\/infoeconomico.com.br\/portal\/wp-json\/wp\/v2\/comments?post=230574"}],"version-history":[{"count":0,"href":"https:\/\/infoeconomico.com.br\/portal\/wp-json\/wp\/v2\/posts\/230574\/revisions"}],"wp:attachment":[{"href":"https:\/\/infoeconomico.com.br\/portal\/wp-json\/wp\/v2\/media?parent=230574"}],"wp:term":[{"taxonomy":"category","embeddable":true,"href":"https:\/\/infoeconomico.com.br\/portal\/wp-json\/wp\/v2\/categories?post=230574"},{"taxonomy":"post_tag","embeddable":true,"href":"https:\/\/infoeconomico.com.br\/portal\/wp-json\/wp\/v2\/tags?post=230574"}],"curies":[{"name":"wp","href":"https:\/\/api.w.org\/{rel}","templated":true}]}}