{"id":230564,"date":"2026-09-01T05:34:24","date_gmt":"2026-09-01T08:34:24","guid":{"rendered":"https:\/\/infoeconomico.com.br\/portal\/venda-global-de-titulos-se-intensifica-com-escalada-no-oriente-medio-e-choque-de-inflacao\/"},"modified":"2026-09-01T05:34:24","modified_gmt":"2026-09-01T08:34:24","slug":"venda-global-de-titulos-se-intensifica-com-escalada-no-oriente-medio-e-choque-de-inflacao","status":"publish","type":"post","link":"https:\/\/infoeconomico.com.br\/portal\/venda-global-de-titulos-se-intensifica-com-escalada-no-oriente-medio-e-choque-de-inflacao\/","title":{"rendered":"Venda global de t\u00edtulos se intensifica com escalada no Oriente M\u00e9dio e choque de infla\u00e7\u00e3o"},"content":{"rendered":"","protected":false},"excerpt":{"rendered":"","protected":false},"author":1,"featured_media":0,"comment_status":"open","ping_status":"open","sticky":false,"template":"","format":"standard","meta":{"footnotes":""},"categories":[4,2],"tags":[],"class_list":["post-230564","post","type-post","status-publish","format-standard","hentry","category-acontece","category-economia"],"_links":{"self":[{"href":"https:\/\/infoeconomico.com.br\/portal\/wp-json\/wp\/v2\/posts\/230564","targetHints":{"allow":["GET"]}}],"collection":[{"href":"https:\/\/infoeconomico.com.br\/portal\/wp-json\/wp\/v2\/posts"}],"about":[{"href":"https:\/\/infoeconomico.com.br\/portal\/wp-json\/wp\/v2\/types\/post"}],"author":[{"embeddable":true,"href":"https:\/\/infoeconomico.com.br\/portal\/wp-json\/wp\/v2\/users\/1"}],"replies":[{"embeddable":true,"href":"https:\/\/infoeconomico.com.br\/portal\/wp-json\/wp\/v2\/comments?post=230564"}],"version-history":[{"count":0,"href":"https:\/\/infoeconomico.com.br\/portal\/wp-json\/wp\/v2\/posts\/230564\/revisions"}],"wp:attachment":[{"href":"https:\/\/infoeconomico.com.br\/portal\/wp-json\/wp\/v2\/media?parent=230564"}],"wp:term":[{"taxonomy":"category","embeddable":true,"href":"https:\/\/infoeconomico.com.br\/portal\/wp-json\/wp\/v2\/categories?post=230564"},{"taxonomy":"post_tag","embeddable":true,"href":"https:\/\/infoeconomico.com.br\/portal\/wp-json\/wp\/v2\/tags?post=230564"}],"curies":[{"name":"wp","href":"https:\/\/api.w.org\/{rel}","templated":true}]}}