{"id":230552,"date":"2026-08-31T20:50:00","date_gmt":"2026-08-31T23:50:00","guid":{"rendered":"https:\/\/infoeconomico.com.br\/portal\/arrecadacao-com-imposto-do-pecado-deve-chegar-a-r-419-bi-em-2027\/"},"modified":"2026-08-31T20:50:00","modified_gmt":"2026-08-31T23:50:00","slug":"arrecadacao-com-imposto-do-pecado-deve-chegar-a-r-419-bi-em-2027","status":"publish","type":"post","link":"https:\/\/infoeconomico.com.br\/portal\/arrecadacao-com-imposto-do-pecado-deve-chegar-a-r-419-bi-em-2027\/","title":{"rendered":"Arrecada\u00e7\u00e3o com \u2018imposto do pecado\u2019 deve chegar a R$ 41,9 bi em 2027"},"content":{"rendered":"<p>Criado pela reforma tribut\u00e1ria, o Imposto Seletivo (IS), apelidado como &#8220;imposto do pecado&#8221;, dever\u00e1 arrecadar R$ 41,9 bilh\u00f5es&hellip;<\/p>","protected":false},"excerpt":{"rendered":"<p>Criado pela reforma tribut\u00e1ria, o Imposto Seletivo (IS), apelidado como &#8220;imposto do pecado&#8221;, dever\u00e1 arrecadar R$ 41,9 bilh\u00f5es&hellip;<\/p>\n","protected":false},"author":1,"featured_media":0,"comment_status":"open","ping_status":"open","sticky":false,"template":"","format":"standard","meta":{"footnotes":""},"categories":[4,2],"tags":[],"class_list":["post-230552","post","type-post","status-publish","format-standard","hentry","category-acontece","category-economia"],"_links":{"self":[{"href":"https:\/\/infoeconomico.com.br\/portal\/wp-json\/wp\/v2\/posts\/230552","targetHints":{"allow":["GET"]}}],"collection":[{"href":"https:\/\/infoeconomico.com.br\/portal\/wp-json\/wp\/v2\/posts"}],"about":[{"href":"https:\/\/infoeconomico.com.br\/portal\/wp-json\/wp\/v2\/types\/post"}],"author":[{"embeddable":true,"href":"https:\/\/infoeconomico.com.br\/portal\/wp-json\/wp\/v2\/users\/1"}],"replies":[{"embeddable":true,"href":"https:\/\/infoeconomico.com.br\/portal\/wp-json\/wp\/v2\/comments?post=230552"}],"version-history":[{"count":0,"href":"https:\/\/infoeconomico.com.br\/portal\/wp-json\/wp\/v2\/posts\/230552\/revisions"}],"wp:attachment":[{"href":"https:\/\/infoeconomico.com.br\/portal\/wp-json\/wp\/v2\/media?parent=230552"}],"wp:term":[{"taxonomy":"category","embeddable":true,"href":"https:\/\/infoeconomico.com.br\/portal\/wp-json\/wp\/v2\/categories?post=230552"},{"taxonomy":"post_tag","embeddable":true,"href":"https:\/\/infoeconomico.com.br\/portal\/wp-json\/wp\/v2\/tags?post=230552"}],"curies":[{"name":"wp","href":"https:\/\/api.w.org\/{rel}","templated":true}]}}