{"id":230549,"date":"2026-08-31T19:48:00","date_gmt":"2026-08-31T22:48:00","guid":{"rendered":"https:\/\/infoeconomico.com.br\/portal\/orcamento-de-2027-limita-reajuste-real-de-servidores-publicos\/"},"modified":"2026-08-31T19:48:00","modified_gmt":"2026-08-31T22:48:00","slug":"orcamento-de-2027-limita-reajuste-real-de-servidores-publicos","status":"publish","type":"post","link":"https:\/\/infoeconomico.com.br\/portal\/orcamento-de-2027-limita-reajuste-real-de-servidores-publicos\/","title":{"rendered":"Or\u00e7amento de 2027 limita reajuste real de servidores p\u00fablicos"},"content":{"rendered":"<p>A estimativa de d\u00e9ficit prim\u00e1rio em R$ 52 bilh\u00f5es em 2026\u00a0fez o governo federal propor, em 2027, um&hellip;<\/p>","protected":false},"excerpt":{"rendered":"<p>A estimativa de d\u00e9ficit prim\u00e1rio em R$ 52 bilh\u00f5es em 2026\u00a0fez o governo federal propor, em 2027, um&hellip;<\/p>\n","protected":false},"author":1,"featured_media":0,"comment_status":"open","ping_status":"open","sticky":false,"template":"","format":"standard","meta":{"footnotes":""},"categories":[4,2],"tags":[],"class_list":["post-230549","post","type-post","status-publish","format-standard","hentry","category-acontece","category-economia"],"_links":{"self":[{"href":"https:\/\/infoeconomico.com.br\/portal\/wp-json\/wp\/v2\/posts\/230549","targetHints":{"allow":["GET"]}}],"collection":[{"href":"https:\/\/infoeconomico.com.br\/portal\/wp-json\/wp\/v2\/posts"}],"about":[{"href":"https:\/\/infoeconomico.com.br\/portal\/wp-json\/wp\/v2\/types\/post"}],"author":[{"embeddable":true,"href":"https:\/\/infoeconomico.com.br\/portal\/wp-json\/wp\/v2\/users\/1"}],"replies":[{"embeddable":true,"href":"https:\/\/infoeconomico.com.br\/portal\/wp-json\/wp\/v2\/comments?post=230549"}],"version-history":[{"count":0,"href":"https:\/\/infoeconomico.com.br\/portal\/wp-json\/wp\/v2\/posts\/230549\/revisions"}],"wp:attachment":[{"href":"https:\/\/infoeconomico.com.br\/portal\/wp-json\/wp\/v2\/media?parent=230549"}],"wp:term":[{"taxonomy":"category","embeddable":true,"href":"https:\/\/infoeconomico.com.br\/portal\/wp-json\/wp\/v2\/categories?post=230549"},{"taxonomy":"post_tag","embeddable":true,"href":"https:\/\/infoeconomico.com.br\/portal\/wp-json\/wp\/v2\/tags?post=230549"}],"curies":[{"name":"wp","href":"https:\/\/api.w.org\/{rel}","templated":true}]}}