{"id":230548,"date":"2026-08-31T19:54:00","date_gmt":"2026-08-31T22:54:00","guid":{"rendered":"https:\/\/infoeconomico.com.br\/portal\/bolsa-familia-nao-tera-reajuste-previsto-no-orcamento-de-2027\/"},"modified":"2026-08-31T19:54:00","modified_gmt":"2026-08-31T22:54:00","slug":"bolsa-familia-nao-tera-reajuste-previsto-no-orcamento-de-2027","status":"publish","type":"post","link":"https:\/\/infoeconomico.com.br\/portal\/bolsa-familia-nao-tera-reajuste-previsto-no-orcamento-de-2027\/","title":{"rendered":"Bolsa Fam\u00edlia n\u00e3o ter\u00e1 reajuste previsto no Or\u00e7amento de 2027"},"content":{"rendered":"<p>Enviada nesta segunda-feira (31) ao Congresso Nacional, a proposta de Or\u00e7amento para 2027 n\u00e3o prev\u00ea reajuste nos valores&hellip;<\/p>","protected":false},"excerpt":{"rendered":"<p>Enviada nesta segunda-feira (31) ao Congresso Nacional, a proposta de Or\u00e7amento para 2027 n\u00e3o prev\u00ea reajuste nos valores&hellip;<\/p>\n","protected":false},"author":1,"featured_media":0,"comment_status":"open","ping_status":"open","sticky":false,"template":"","format":"standard","meta":{"footnotes":""},"categories":[4,2],"tags":[],"class_list":["post-230548","post","type-post","status-publish","format-standard","hentry","category-acontece","category-economia"],"_links":{"self":[{"href":"https:\/\/infoeconomico.com.br\/portal\/wp-json\/wp\/v2\/posts\/230548","targetHints":{"allow":["GET"]}}],"collection":[{"href":"https:\/\/infoeconomico.com.br\/portal\/wp-json\/wp\/v2\/posts"}],"about":[{"href":"https:\/\/infoeconomico.com.br\/portal\/wp-json\/wp\/v2\/types\/post"}],"author":[{"embeddable":true,"href":"https:\/\/infoeconomico.com.br\/portal\/wp-json\/wp\/v2\/users\/1"}],"replies":[{"embeddable":true,"href":"https:\/\/infoeconomico.com.br\/portal\/wp-json\/wp\/v2\/comments?post=230548"}],"version-history":[{"count":0,"href":"https:\/\/infoeconomico.com.br\/portal\/wp-json\/wp\/v2\/posts\/230548\/revisions"}],"wp:attachment":[{"href":"https:\/\/infoeconomico.com.br\/portal\/wp-json\/wp\/v2\/media?parent=230548"}],"wp:term":[{"taxonomy":"category","embeddable":true,"href":"https:\/\/infoeconomico.com.br\/portal\/wp-json\/wp\/v2\/categories?post=230548"},{"taxonomy":"post_tag","embeddable":true,"href":"https:\/\/infoeconomico.com.br\/portal\/wp-json\/wp\/v2\/tags?post=230548"}],"curies":[{"name":"wp","href":"https:\/\/api.w.org\/{rel}","templated":true}]}}