{"id":230544,"date":"2026-08-31T18:28:27","date_gmt":"2026-08-31T21:28:27","guid":{"rendered":"https:\/\/infoeconomico.com.br\/portal\/governo-fara-novos-esforcos-de-revisao-de-gastos-e-beneficios-fiscais-diz-durigan\/"},"modified":"2026-08-31T18:28:27","modified_gmt":"2026-08-31T21:28:27","slug":"governo-fara-novos-esforcos-de-revisao-de-gastos-e-beneficios-fiscais-diz-durigan","status":"publish","type":"post","link":"https:\/\/infoeconomico.com.br\/portal\/governo-fara-novos-esforcos-de-revisao-de-gastos-e-beneficios-fiscais-diz-durigan\/","title":{"rendered":"Governo far\u00e1 novos esfor\u00e7os de revis\u00e3o de gastos e benef\u00edcios fiscais, diz Durigan"},"content":{"rendered":"","protected":false},"excerpt":{"rendered":"","protected":false},"author":1,"featured_media":0,"comment_status":"open","ping_status":"open","sticky":false,"template":"","format":"standard","meta":{"footnotes":""},"categories":[4,2],"tags":[],"class_list":["post-230544","post","type-post","status-publish","format-standard","hentry","category-acontece","category-economia"],"_links":{"self":[{"href":"https:\/\/infoeconomico.com.br\/portal\/wp-json\/wp\/v2\/posts\/230544","targetHints":{"allow":["GET"]}}],"collection":[{"href":"https:\/\/infoeconomico.com.br\/portal\/wp-json\/wp\/v2\/posts"}],"about":[{"href":"https:\/\/infoeconomico.com.br\/portal\/wp-json\/wp\/v2\/types\/post"}],"author":[{"embeddable":true,"href":"https:\/\/infoeconomico.com.br\/portal\/wp-json\/wp\/v2\/users\/1"}],"replies":[{"embeddable":true,"href":"https:\/\/infoeconomico.com.br\/portal\/wp-json\/wp\/v2\/comments?post=230544"}],"version-history":[{"count":0,"href":"https:\/\/infoeconomico.com.br\/portal\/wp-json\/wp\/v2\/posts\/230544\/revisions"}],"wp:attachment":[{"href":"https:\/\/infoeconomico.com.br\/portal\/wp-json\/wp\/v2\/media?parent=230544"}],"wp:term":[{"taxonomy":"category","embeddable":true,"href":"https:\/\/infoeconomico.com.br\/portal\/wp-json\/wp\/v2\/categories?post=230544"},{"taxonomy":"post_tag","embeddable":true,"href":"https:\/\/infoeconomico.com.br\/portal\/wp-json\/wp\/v2\/tags?post=230544"}],"curies":[{"name":"wp","href":"https:\/\/api.w.org\/{rel}","templated":true}]}}