{"id":230537,"date":"2026-08-31T17:43:00","date_gmt":"2026-08-31T20:43:00","guid":{"rendered":"https:\/\/infoeconomico.com.br\/portal\/orcamento-de-2027-preve-salario-minimo-de-r-1-741\/"},"modified":"2026-08-31T17:43:00","modified_gmt":"2026-08-31T20:43:00","slug":"orcamento-de-2027-preve-salario-minimo-de-r-1-741","status":"publish","type":"post","link":"https:\/\/infoeconomico.com.br\/portal\/orcamento-de-2027-preve-salario-minimo-de-r-1-741\/","title":{"rendered":"Or\u00e7amento de 2027 prev\u00ea sal\u00e1rio m\u00ednimo de R$ 1.741"},"content":{"rendered":"<p>A nova regra de corre\u00e7\u00e3o fez o governo elevar a previs\u00e3o para o sal\u00e1rio m\u00ednimo no pr\u00f3ximo ano.&hellip;<\/p>","protected":false},"excerpt":{"rendered":"<p>A nova regra de corre\u00e7\u00e3o fez o governo elevar a previs\u00e3o para o sal\u00e1rio m\u00ednimo no pr\u00f3ximo ano.&hellip;<\/p>\n","protected":false},"author":1,"featured_media":0,"comment_status":"open","ping_status":"open","sticky":false,"template":"","format":"standard","meta":{"footnotes":""},"categories":[4,2],"tags":[],"class_list":["post-230537","post","type-post","status-publish","format-standard","hentry","category-acontece","category-economia"],"_links":{"self":[{"href":"https:\/\/infoeconomico.com.br\/portal\/wp-json\/wp\/v2\/posts\/230537","targetHints":{"allow":["GET"]}}],"collection":[{"href":"https:\/\/infoeconomico.com.br\/portal\/wp-json\/wp\/v2\/posts"}],"about":[{"href":"https:\/\/infoeconomico.com.br\/portal\/wp-json\/wp\/v2\/types\/post"}],"author":[{"embeddable":true,"href":"https:\/\/infoeconomico.com.br\/portal\/wp-json\/wp\/v2\/users\/1"}],"replies":[{"embeddable":true,"href":"https:\/\/infoeconomico.com.br\/portal\/wp-json\/wp\/v2\/comments?post=230537"}],"version-history":[{"count":0,"href":"https:\/\/infoeconomico.com.br\/portal\/wp-json\/wp\/v2\/posts\/230537\/revisions"}],"wp:attachment":[{"href":"https:\/\/infoeconomico.com.br\/portal\/wp-json\/wp\/v2\/media?parent=230537"}],"wp:term":[{"taxonomy":"category","embeddable":true,"href":"https:\/\/infoeconomico.com.br\/portal\/wp-json\/wp\/v2\/categories?post=230537"},{"taxonomy":"post_tag","embeddable":true,"href":"https:\/\/infoeconomico.com.br\/portal\/wp-json\/wp\/v2\/tags?post=230537"}],"curies":[{"name":"wp","href":"https:\/\/api.w.org\/{rel}","templated":true}]}}