{"id":230530,"date":"2026-08-31T14:28:29","date_gmt":"2026-08-31T17:28:29","guid":{"rendered":"https:\/\/infoeconomico.com.br\/portal\/anfitrioes-do-g20-eua-promovem-agenda-de-crescimento-para-acalmar-preocupacoes-sobre-mercado-de-divida\/"},"modified":"2026-08-31T14:28:29","modified_gmt":"2026-08-31T17:28:29","slug":"anfitrioes-do-g20-eua-promovem-agenda-de-crescimento-para-acalmar-preocupacoes-sobre-mercado-de-divida","status":"publish","type":"post","link":"https:\/\/infoeconomico.com.br\/portal\/anfitrioes-do-g20-eua-promovem-agenda-de-crescimento-para-acalmar-preocupacoes-sobre-mercado-de-divida\/","title":{"rendered":"Anfitri\u00f5es do G20, EUA promovem agenda de crescimento para acalmar  preocupa\u00e7\u00f5es sobre mercado de d\u00edvida"},"content":{"rendered":"","protected":false},"excerpt":{"rendered":"","protected":false},"author":1,"featured_media":0,"comment_status":"open","ping_status":"open","sticky":false,"template":"","format":"standard","meta":{"footnotes":""},"categories":[1],"tags":[],"class_list":["post-230530","post","type-post","status-publish","format-standard","hentry","category-noticias"],"_links":{"self":[{"href":"https:\/\/infoeconomico.com.br\/portal\/wp-json\/wp\/v2\/posts\/230530","targetHints":{"allow":["GET"]}}],"collection":[{"href":"https:\/\/infoeconomico.com.br\/portal\/wp-json\/wp\/v2\/posts"}],"about":[{"href":"https:\/\/infoeconomico.com.br\/portal\/wp-json\/wp\/v2\/types\/post"}],"author":[{"embeddable":true,"href":"https:\/\/infoeconomico.com.br\/portal\/wp-json\/wp\/v2\/users\/1"}],"replies":[{"embeddable":true,"href":"https:\/\/infoeconomico.com.br\/portal\/wp-json\/wp\/v2\/comments?post=230530"}],"version-history":[{"count":0,"href":"https:\/\/infoeconomico.com.br\/portal\/wp-json\/wp\/v2\/posts\/230530\/revisions"}],"wp:attachment":[{"href":"https:\/\/infoeconomico.com.br\/portal\/wp-json\/wp\/v2\/media?parent=230530"}],"wp:term":[{"taxonomy":"category","embeddable":true,"href":"https:\/\/infoeconomico.com.br\/portal\/wp-json\/wp\/v2\/categories?post=230530"},{"taxonomy":"post_tag","embeddable":true,"href":"https:\/\/infoeconomico.com.br\/portal\/wp-json\/wp\/v2\/tags?post=230530"}],"curies":[{"name":"wp","href":"https:\/\/api.w.org\/{rel}","templated":true}]}}