{"id":230521,"date":"2026-08-31T12:07:29","date_gmt":"2026-08-31T15:07:29","guid":{"rendered":"https:\/\/infoeconomico.com.br\/portal\/orcamento-de-2027-vai-prever-superavit-primario-real-de-r19-bilhoes-diz-moretti\/"},"modified":"2026-08-31T12:07:29","modified_gmt":"2026-08-31T15:07:29","slug":"orcamento-de-2027-vai-prever-superavit-primario-real-de-r19-bilhoes-diz-moretti","status":"publish","type":"post","link":"https:\/\/infoeconomico.com.br\/portal\/orcamento-de-2027-vai-prever-superavit-primario-real-de-r19-bilhoes-diz-moretti\/","title":{"rendered":"Or\u00e7amento de 2027 vai prever super\u00e1vit prim\u00e1rio real de R$19 bilh\u00f5es, diz Moretti"},"content":{"rendered":"","protected":false},"excerpt":{"rendered":"","protected":false},"author":1,"featured_media":0,"comment_status":"open","ping_status":"open","sticky":false,"template":"","format":"standard","meta":{"footnotes":""},"categories":[4,2],"tags":[],"class_list":["post-230521","post","type-post","status-publish","format-standard","hentry","category-acontece","category-economia"],"_links":{"self":[{"href":"https:\/\/infoeconomico.com.br\/portal\/wp-json\/wp\/v2\/posts\/230521","targetHints":{"allow":["GET"]}}],"collection":[{"href":"https:\/\/infoeconomico.com.br\/portal\/wp-json\/wp\/v2\/posts"}],"about":[{"href":"https:\/\/infoeconomico.com.br\/portal\/wp-json\/wp\/v2\/types\/post"}],"author":[{"embeddable":true,"href":"https:\/\/infoeconomico.com.br\/portal\/wp-json\/wp\/v2\/users\/1"}],"replies":[{"embeddable":true,"href":"https:\/\/infoeconomico.com.br\/portal\/wp-json\/wp\/v2\/comments?post=230521"}],"version-history":[{"count":0,"href":"https:\/\/infoeconomico.com.br\/portal\/wp-json\/wp\/v2\/posts\/230521\/revisions"}],"wp:attachment":[{"href":"https:\/\/infoeconomico.com.br\/portal\/wp-json\/wp\/v2\/media?parent=230521"}],"wp:term":[{"taxonomy":"category","embeddable":true,"href":"https:\/\/infoeconomico.com.br\/portal\/wp-json\/wp\/v2\/categories?post=230521"},{"taxonomy":"post_tag","embeddable":true,"href":"https:\/\/infoeconomico.com.br\/portal\/wp-json\/wp\/v2\/tags?post=230521"}],"curies":[{"name":"wp","href":"https:\/\/api.w.org\/{rel}","templated":true}]}}