{"id":230517,"date":"2026-08-31T10:35:51","date_gmt":"2026-08-31T13:35:51","guid":{"rendered":"https:\/\/infoeconomico.com.br\/portal\/bessent-diz-que-ira-esta-reagindo-de-forma-agressiva-em-meio-a-pressao-economica-das-sancoes\/"},"modified":"2026-08-31T10:35:51","modified_gmt":"2026-08-31T13:35:51","slug":"bessent-diz-que-ira-esta-reagindo-de-forma-agressiva-em-meio-a-pressao-economica-das-sancoes","status":"publish","type":"post","link":"https:\/\/infoeconomico.com.br\/portal\/bessent-diz-que-ira-esta-reagindo-de-forma-agressiva-em-meio-a-pressao-economica-das-sancoes\/","title":{"rendered":"Bessent diz que Ir\u00e3 est\u00e1 reagindo de forma agressiva em meio \u00e0 press\u00e3o econ\u00f4mica das san\u00e7\u00f5es"},"content":{"rendered":"","protected":false},"excerpt":{"rendered":"","protected":false},"author":1,"featured_media":0,"comment_status":"open","ping_status":"open","sticky":false,"template":"","format":"standard","meta":{"footnotes":""},"categories":[4,2],"tags":[],"class_list":["post-230517","post","type-post","status-publish","format-standard","hentry","category-acontece","category-economia"],"_links":{"self":[{"href":"https:\/\/infoeconomico.com.br\/portal\/wp-json\/wp\/v2\/posts\/230517","targetHints":{"allow":["GET"]}}],"collection":[{"href":"https:\/\/infoeconomico.com.br\/portal\/wp-json\/wp\/v2\/posts"}],"about":[{"href":"https:\/\/infoeconomico.com.br\/portal\/wp-json\/wp\/v2\/types\/post"}],"author":[{"embeddable":true,"href":"https:\/\/infoeconomico.com.br\/portal\/wp-json\/wp\/v2\/users\/1"}],"replies":[{"embeddable":true,"href":"https:\/\/infoeconomico.com.br\/portal\/wp-json\/wp\/v2\/comments?post=230517"}],"version-history":[{"count":0,"href":"https:\/\/infoeconomico.com.br\/portal\/wp-json\/wp\/v2\/posts\/230517\/revisions"}],"wp:attachment":[{"href":"https:\/\/infoeconomico.com.br\/portal\/wp-json\/wp\/v2\/media?parent=230517"}],"wp:term":[{"taxonomy":"category","embeddable":true,"href":"https:\/\/infoeconomico.com.br\/portal\/wp-json\/wp\/v2\/categories?post=230517"},{"taxonomy":"post_tag","embeddable":true,"href":"https:\/\/infoeconomico.com.br\/portal\/wp-json\/wp\/v2\/tags?post=230517"}],"curies":[{"name":"wp","href":"https:\/\/api.w.org\/{rel}","templated":true}]}}