{"id":230514,"date":"2026-08-31T09:21:26","date_gmt":"2026-08-31T12:21:26","guid":{"rendered":"https:\/\/infoeconomico.com.br\/portal\/divida-bruta-do-brasil-sobe-a-825-do-pib-em-julho-com-superavit-primario-abaixo-do-esperado\/"},"modified":"2026-08-31T09:21:26","modified_gmt":"2026-08-31T12:21:26","slug":"divida-bruta-do-brasil-sobe-a-825-do-pib-em-julho-com-superavit-primario-abaixo-do-esperado","status":"publish","type":"post","link":"https:\/\/infoeconomico.com.br\/portal\/divida-bruta-do-brasil-sobe-a-825-do-pib-em-julho-com-superavit-primario-abaixo-do-esperado\/","title":{"rendered":"D\u00edvida bruta do Brasil sobe a 82,5% do PIB em julho com super\u00e1vit prim\u00e1rio abaixo do esperado"},"content":{"rendered":"","protected":false},"excerpt":{"rendered":"","protected":false},"author":1,"featured_media":0,"comment_status":"open","ping_status":"open","sticky":false,"template":"","format":"standard","meta":{"footnotes":""},"categories":[4,2],"tags":[],"class_list":["post-230514","post","type-post","status-publish","format-standard","hentry","category-acontece","category-economia"],"_links":{"self":[{"href":"https:\/\/infoeconomico.com.br\/portal\/wp-json\/wp\/v2\/posts\/230514","targetHints":{"allow":["GET"]}}],"collection":[{"href":"https:\/\/infoeconomico.com.br\/portal\/wp-json\/wp\/v2\/posts"}],"about":[{"href":"https:\/\/infoeconomico.com.br\/portal\/wp-json\/wp\/v2\/types\/post"}],"author":[{"embeddable":true,"href":"https:\/\/infoeconomico.com.br\/portal\/wp-json\/wp\/v2\/users\/1"}],"replies":[{"embeddable":true,"href":"https:\/\/infoeconomico.com.br\/portal\/wp-json\/wp\/v2\/comments?post=230514"}],"version-history":[{"count":0,"href":"https:\/\/infoeconomico.com.br\/portal\/wp-json\/wp\/v2\/posts\/230514\/revisions"}],"wp:attachment":[{"href":"https:\/\/infoeconomico.com.br\/portal\/wp-json\/wp\/v2\/media?parent=230514"}],"wp:term":[{"taxonomy":"category","embeddable":true,"href":"https:\/\/infoeconomico.com.br\/portal\/wp-json\/wp\/v2\/categories?post=230514"},{"taxonomy":"post_tag","embeddable":true,"href":"https:\/\/infoeconomico.com.br\/portal\/wp-json\/wp\/v2\/tags?post=230514"}],"curies":[{"name":"wp","href":"https:\/\/api.w.org\/{rel}","templated":true}]}}