{"id":230499,"date":"2026-08-31T07:07:35","date_gmt":"2026-08-31T10:07:35","guid":{"rendered":"https:\/\/infoeconomico.com.br\/portal\/retracao-da-industria-da-china-perde-forca-mas-fraqueza-de-servicos-indica-recuperacao-desigual\/"},"modified":"2026-08-31T07:07:35","modified_gmt":"2026-08-31T10:07:35","slug":"retracao-da-industria-da-china-perde-forca-mas-fraqueza-de-servicos-indica-recuperacao-desigual","status":"publish","type":"post","link":"https:\/\/infoeconomico.com.br\/portal\/retracao-da-industria-da-china-perde-forca-mas-fraqueza-de-servicos-indica-recuperacao-desigual\/","title":{"rendered":"Retra\u00e7\u00e3o da ind\u00fastria da China perde for\u00e7a, mas fraqueza de servi\u00e7os indica recupera\u00e7\u00e3o desigual"},"content":{"rendered":"","protected":false},"excerpt":{"rendered":"","protected":false},"author":1,"featured_media":0,"comment_status":"open","ping_status":"open","sticky":false,"template":"","format":"standard","meta":{"footnotes":""},"categories":[4,2],"tags":[],"class_list":["post-230499","post","type-post","status-publish","format-standard","hentry","category-acontece","category-economia"],"_links":{"self":[{"href":"https:\/\/infoeconomico.com.br\/portal\/wp-json\/wp\/v2\/posts\/230499","targetHints":{"allow":["GET"]}}],"collection":[{"href":"https:\/\/infoeconomico.com.br\/portal\/wp-json\/wp\/v2\/posts"}],"about":[{"href":"https:\/\/infoeconomico.com.br\/portal\/wp-json\/wp\/v2\/types\/post"}],"author":[{"embeddable":true,"href":"https:\/\/infoeconomico.com.br\/portal\/wp-json\/wp\/v2\/users\/1"}],"replies":[{"embeddable":true,"href":"https:\/\/infoeconomico.com.br\/portal\/wp-json\/wp\/v2\/comments?post=230499"}],"version-history":[{"count":0,"href":"https:\/\/infoeconomico.com.br\/portal\/wp-json\/wp\/v2\/posts\/230499\/revisions"}],"wp:attachment":[{"href":"https:\/\/infoeconomico.com.br\/portal\/wp-json\/wp\/v2\/media?parent=230499"}],"wp:term":[{"taxonomy":"category","embeddable":true,"href":"https:\/\/infoeconomico.com.br\/portal\/wp-json\/wp\/v2\/categories?post=230499"},{"taxonomy":"post_tag","embeddable":true,"href":"https:\/\/infoeconomico.com.br\/portal\/wp-json\/wp\/v2\/tags?post=230499"}],"curies":[{"name":"wp","href":"https:\/\/api.w.org\/{rel}","templated":true}]}}